{"id":545,"date":"2011-04-08T17:30:43","date_gmt":"2011-04-08T15:30:43","guid":{"rendered":"http:\/\/kontesadora.hr\/?p=545"},"modified":"2011-04-18T11:31:58","modified_gmt":"2011-04-18T09:31:58","slug":"545","status":"publish","type":"post","link":"https:\/\/kontesadora.hr\/stara\/novosti\/545","title":{"rendered":""},"content":{"rendered":"<p style=\"text-align: justify;\"><img loading=\"lazy\" style=\"border: 0pt none;\" src=\"http:\/\/nasice.org\/images\/stories\/vijesti\/showbiz\/glazba\/gibonni_pressica_nasice.jpg\" border=\"0\" alt=\"\" width=\"150\" height=\"113\" align=\"left\" \/>Ve\u010deras  \u0107e u Na\u0161icama svoj prvi samostalni koncert odr\u017eati Zlatan Stipi\u0161i\u0107  Gibonni. U Na\u0161icama je nastupio 2009. godine kao gost koncerta  Tambura\u0161kog orkestra Osnovne glazbene \u0161kole Kontesa Dora,    a ovog \u0107e se puta na\u0161i\u010dkoj publici predstaviti u pratnji svog benda.  Gost koncerta bit \u0107e i Vlatko Stefanovski, vo\u0111a legendarne makedonske  grupe Leb i Sol. Koncert \u0107e biti odr\u017ean u Sportskoj dvorani O\u0160 Kralja  Tomislava od 20 sati.<br \/>\nDanas popodne, prije tonske probe, Gibonni je u  Osnovnoj glazbenoj \u0161koli Kontesa Dora Na\u0161ice odr\u017eao konferenciju za  novinare. Izme\u0111u ostalog, rekao je da se rado odaziva na humanitarne i  dobrotvorne koncerte. Jedan takav bio je i 2009. u Na\u0161icama kada su  prikupljali novac za klavir.<!--more--><\/p>\n<p style=\"text-align: justify;\">&#8211; &#8220;Lijepo je kad nekome mo\u017ee\u0161 spasiti  \u017eivot ili mu pomo\u0107i u nekim egsistencijalnim stvarima. To sigurno ima  najve\u0107u vrijednost. Ali kad \u010dovjek svira za nekakvu &#8220;civilnu&#8221; namjenu,  za ne\u0161to gdje \u0107emo unaprijediti kvalitetu \u017eivota kod mla\u0111e populacije,  dati im priliku da se udalje s ceste, dokolice i bezna\u0111a, to nekako  posebno veseli. Kupovina klavira nije bila zato \u0161to je nekome \u017eivot  visio o koncu ako ga ne kupimo, ali ja se specijalno dobro osje\u0107am&#8221; \u2013  rekao je Gibonni na dana\u0161njoj press konferenciji. Ravnateljica Glazbene  \u0161kole Marina Kopri zahvalila je Gibonniju &#8211; &#8220;kumu&#8221; \u0160kole na njegovom  anga\u017emanu i pomo\u0107i jer, kako je rekla, 250.000 kuna, koliko je ko\u0161tao  klavir, ogromna su sredstva za jednu ovako malu glazbenu \u0161kolu.<\/p>\n<p style=\"text-align: justify;\">Gibonni je najavio i gosta svog  ve\u010dera\u0161njeg koncerta, Vlatka Stafanovskog, koji je samo za ovu prigodu  doletio iz Makedonije. Ina\u010de ne nastupaju toliko \u010desto zajedno, mo\u017eda  jednom ili dva puta godi\u0161nje. U Slavoniji nisu nikada zajedno svirali  \u0161to je dodatni poziv svim ljubiteljima dobre glazbe i obo\u017eavateljima  Gibonnija da ve\u010deras svakako budu u Sportskoj dvorani Osnovne \u0161kole  kralja Tomislava.<\/p>\n<p style=\"text-align: justify;\"><img src=\"http:\/\/nasice.org\/images\/stories\/vijesti\/showbiz\/glazba\/gibonni_klavir_glazbena_skola.jpg\" border=\"0\" alt=\"\" \/> <img src=\"http:\/\/nasice.org\/images\/stories\/vijesti\/showbiz\/glazba\/gibonni_dorin_portret.jpg\" border=\"0\" alt=\"\" \/><\/p>\n","protected":false},"excerpt":{"rendered":"<p>Ve\u010deras \u0107e u Na\u0161icama svoj prvi samostalni koncert odr\u017eati Zlatan Stipi\u0161i\u0107 Gibonni. U Na\u0161icama je nastupio 2009. godine kao gost koncerta Tambura\u0161kog orkestra Osnovne glazbene \u0161kole Kontesa Dora, a ovog \u0107e se puta na\u0161i\u010dkoj publici predstaviti u pratnji svog benda. Gost koncerta bit \u0107e i Vlatko Stefanovski, vo\u0111a legendarne makedonske grupe Leb i Sol. Koncert \u0107e biti odr\u017ean u Sportskoj [&hellip;]<\/p>\n","protected":false},"author":254,"featured_media":0,"comment_status":"closed","ping_status":"open","sticky":false,"template":"","format":"standard","meta":{"ngg_post_thumbnail":0},"categories":[3],"tags":[],"_links":{"self":[{"href":"https:\/\/kontesadora.hr\/stara\/wp-json\/wp\/v2\/posts\/545"}],"collection":[{"href":"https:\/\/kontesadora.hr\/stara\/wp-json\/wp\/v2\/posts"}],"about":[{"href":"https:\/\/kontesadora.hr\/stara\/wp-json\/wp\/v2\/types\/post"}],"author":[{"embeddable":true,"href":"https:\/\/kontesadora.hr\/stara\/wp-json\/wp\/v2\/users\/254"}],"replies":[{"embeddable":true,"href":"https:\/\/kontesadora.hr\/stara\/wp-json\/wp\/v2\/comments?post=545"}],"version-history":[{"count":1,"href":"https:\/\/kontesadora.hr\/stara\/wp-json\/wp\/v2\/posts\/545\/revisions"}],"predecessor-version":[{"id":546,"href":"https:\/\/kontesadora.hr\/stara\/wp-json\/wp\/v2\/posts\/545\/revisions\/546"}],"wp:attachment":[{"href":"https:\/\/kontesadora.hr\/stara\/wp-json\/wp\/v2\/media?parent=545"}],"wp:term":[{"taxonomy":"category","embeddable":true,"href":"https:\/\/kontesadora.hr\/stara\/wp-json\/wp\/v2\/categories?post=545"},{"taxonomy":"post_tag","embeddable":true,"href":"https:\/\/kontesadora.hr\/stara\/wp-json\/wp\/v2\/tags?post=545"}],"curies":[{"name":"wp","href":"https:\/\/api.w.org\/{rel}","templated":true}]}}