{"id":4677,"date":"2016-03-03T12:44:14","date_gmt":"2016-03-03T11:44:14","guid":{"rendered":"http:\/\/kontesadora.hr\/?p=4677"},"modified":"2016-03-03T12:44:14","modified_gmt":"2016-03-03T11:44:14","slug":"zakljucci-sa-5-sjednice-skolskog-odbora","status":"publish","type":"post","link":"https:\/\/kontesadora.hr\/stara\/obavjesti\/zakljucci-sa-5-sjednice-skolskog-odbora","title":{"rendered":"Zaklju\u010dci sa 5.sjednice \u0161kolskog odbora"},"content":{"rendered":"<p>Temeljem \u010dlanka 118. stavak 2. Zakona o odgoju i obrazovanju u osnovnoj i srednjoj \u0161koli (Narodne novine br. 87\/08, 86\/09, 92\/10, 105\/10, 90\/11, 16\/12, 86\/12, 126\/12, 94\/13 i 152\/14), \u0160kolski Odbor Osnovne glazbene \u0161kole Kontesa Dora iz Na\u0161ica, na 5. sjednici \u0160kolskog odbora u \u0161kolskoj godini 2015.\/16., odr\u017eanoj 29. velja\u010de 2016. jednoglasno donosi<\/p>\n<p><!--more--><\/p>\n<p style=\"text-align: center;\"><strong>O D L U K U<\/strong><\/p>\n<p>I.<\/p>\n<p>Usvaja se Izvje\u0161taj o prihodima i rashodima Osnovne glazbene \u0161kole Kontesa Dora za 2015. godinu<\/p>\n<p>&nbsp;<\/p>\n<p><strong>Obrazlo\u017eenje<\/strong><\/p>\n<p>Sukladno Zakonu o odgoju i obrazovanju u osnovnoj i srednjoj \u0161koli, odr\u017eana je sjednica \u0160kolskog odbora OG\u0160 Kontesa Dora u svrhu dono\u0161enja Odluke kojom se usvaja Izvje\u0161taj o prihodima i rashodima Osnovne glazbene \u0161kole Kontesa Dora za 2015. godinu.<\/p>\n<p>Sukladno navedenom, na sjednici \u0160kolskog odbora odlu\u010deno je kao o izreci.<\/p>\n<p><strong>\u00a0<\/strong><\/p>\n<p>&nbsp;<\/p>\n<p>&nbsp;<\/p>\n<p>KLASA: 003-02\/16-01\/1<\/p>\n<p>URBOJ: 2149-14\/01-15-3<\/p>\n<p>U Na\u0161icama, 29. velja\u010de 2016.<\/p>\n<p>&nbsp;<\/p>\n<p>&nbsp;<\/p>\n<p><strong>\u00a0\u00a0\u00a0\u00a0\u00a0\u00a0\u00a0\u00a0\u00a0\u00a0\u00a0\u00a0\u00a0\u00a0\u00a0\u00a0\u00a0\u00a0\u00a0\u00a0\u00a0\u00a0\u00a0\u00a0\u00a0\u00a0\u00a0\u00a0\u00a0\u00a0\u00a0\u00a0\u00a0\u00a0\u00a0\u00a0\u00a0\u00a0\u00a0\u00a0\u00a0\u00a0\u00a0\u00a0\u00a0\u00a0\u00a0\u00a0\u00a0\u00a0\u00a0\u00a0\u00a0\u00a0\u00a0\u00a0\u00a0\u00a0\u00a0\u00a0\u00a0\u00a0\u00a0\u00a0\u00a0\u00a0\u00a0\u00a0\u00a0\u00a0\u00a0\u00a0\u00a0\u00a0\u00a0\u00a0\u00a0\u00a0\u00a0\u00a0\u00a0\u00a0\u00a0\u00a0\u00a0\u00a0\u00a0\u00a0\u00a0\u00a0\u00a0\u00a0\u00a0\u00a0\u00a0\u00a0\u00a0\u00a0\u00a0\u00a0\u00a0\u00a0\u00a0\u00a0\u00a0\u00a0\u00a0\u00a0\u00a0\u00a0\u00a0\u00a0\u00a0\u00a0\u00a0\u00a0 PREDSJEDNICA \u00a0<\/strong><strong>\u00a0\u0160KOLSKOG ODBORA<\/strong><\/p>\n<p><strong>\u00a0<\/strong><strong>\u00a0\u00a0\u00a0\u00a0\u00a0\u00a0\u00a0\u00a0\u00a0\u00a0\u00a0\u00a0\u00a0\u00a0\u00a0\u00a0\u00a0\u00a0\u00a0\u00a0\u00a0\u00a0\u00a0\u00a0\u00a0\u00a0\u00a0\u00a0\u00a0\u00a0\u00a0\u00a0\u00a0\u00a0\u00a0\u00a0\u00a0\u00a0\u00a0\u00a0\u00a0\u00a0\u00a0\u00a0\u00a0\u00a0\u00a0\u00a0\u00a0\u00a0\u00a0\u00a0\u00a0\u00a0\u00a0\u00a0\u00a0\u00a0\u00a0\u00a0\u00a0\u00a0\u00a0\u00a0\u00a0\u00a0\u00a0\u00a0\u00a0\u00a0\u00a0\u00a0\u00a0\u00a0\u00a0\u00a0\u00a0\u00a0\u00a0\u00a0\u00a0\u00a0\u00a0\u00a0\u00a0\u00a0\u00a0\u00a0\u00a0\u00a0\u00a0\u00a0\u00a0\u00a0\u00a0\u00a0\u00a0\u00a0\u00a0\u00a0\u00a0\u00a0\u00a0\u00a0\u00a0\u00a0\u00a0\u00a0\u00a0\u00a0\u00a0\u00a0\u00a0\u00a0 ____________________<\/strong><\/p>\n<p><strong>\u00a0\u00a0\u00a0\u00a0\u00a0\u00a0\u00a0\u00a0\u00a0\u00a0\u00a0\u00a0\u00a0\u00a0\u00a0\u00a0\u00a0\u00a0\u00a0\u00a0\u00a0\u00a0\u00a0\u00a0\u00a0\u00a0\u00a0\u00a0\u00a0\u00a0\u00a0\u00a0\u00a0\u00a0\u00a0\u00a0\u00a0\u00a0\u00a0\u00a0\u00a0\u00a0\u00a0\u00a0\u00a0\u00a0\u00a0\u00a0\u00a0\u00a0\u00a0\u00a0\u00a0\u00a0\u00a0\u00a0\u00a0\u00a0\u00a0\u00a0\u00a0\u00a0\u00a0\u00a0\u00a0\u00a0\u00a0\u00a0\u00a0\u00a0\u00a0\u00a0\u00a0\u00a0\u00a0\u00a0\u00a0\u00a0\u00a0\u00a0\u00a0\u00a0\u00a0\u00a0\u00a0\u00a0\u00a0\u00a0\u00a0\u00a0\u00a0\u00a0 \u00a0\u00a0\u00a0\u00a0\u00a0\u00a0\u00a0\u00a0\u00a0\u00a0\u00a0\u00a0\u00a0\u00a0\u00a0\u00a0\u00a0\u00a0\u00a0\u00a0\u00a0\u00a0\u00a0\u00a0Ninoslava Pavlus, prof.<\/strong><\/p>\n<p><strong>\u00a0<\/strong><\/p>\n<p><strong>\u00a0<\/strong><\/p>\n","protected":false},"excerpt":{"rendered":"<p>Temeljem \u010dlanka 118. stavak 2. Zakona o odgoju i obrazovanju u osnovnoj i srednjoj \u0161koli (Narodne novine br. 87\/08, 86\/09, 92\/10, 105\/10, 90\/11, 16\/12, 86\/12, 126\/12, 94\/13 i 152\/14), \u0160kolski Odbor Osnovne glazbene \u0161kole Kontesa Dora iz Na\u0161ica, na 5. sjednici \u0160kolskog odbora u \u0161kolskoj godini 2015.\/16., odr\u017eanoj 29. velja\u010de 2016. jednoglasno donosi<\/p>\n","protected":false},"author":254,"featured_media":0,"comment_status":"closed","ping_status":"open","sticky":false,"template":"","format":"standard","meta":{"ngg_post_thumbnail":0},"categories":[12],"tags":[],"_links":{"self":[{"href":"https:\/\/kontesadora.hr\/stara\/wp-json\/wp\/v2\/posts\/4677"}],"collection":[{"href":"https:\/\/kontesadora.hr\/stara\/wp-json\/wp\/v2\/posts"}],"about":[{"href":"https:\/\/kontesadora.hr\/stara\/wp-json\/wp\/v2\/types\/post"}],"author":[{"embeddable":true,"href":"https:\/\/kontesadora.hr\/stara\/wp-json\/wp\/v2\/users\/254"}],"replies":[{"embeddable":true,"href":"https:\/\/kontesadora.hr\/stara\/wp-json\/wp\/v2\/comments?post=4677"}],"version-history":[{"count":2,"href":"https:\/\/kontesadora.hr\/stara\/wp-json\/wp\/v2\/posts\/4677\/revisions"}],"predecessor-version":[{"id":4679,"href":"https:\/\/kontesadora.hr\/stara\/wp-json\/wp\/v2\/posts\/4677\/revisions\/4679"}],"wp:attachment":[{"href":"https:\/\/kontesadora.hr\/stara\/wp-json\/wp\/v2\/media?parent=4677"}],"wp:term":[{"taxonomy":"category","embeddable":true,"href":"https:\/\/kontesadora.hr\/stara\/wp-json\/wp\/v2\/categories?post=4677"},{"taxonomy":"post_tag","embeddable":true,"href":"https:\/\/kontesadora.hr\/stara\/wp-json\/wp\/v2\/tags?post=4677"}],"curies":[{"name":"wp","href":"https:\/\/api.w.org\/{rel}","templated":true}]}}